{"id":37,"date":"2025-05-03T22:07:50","date_gmt":"2025-05-03T20:07:50","guid":{"rendered":"https:\/\/apoldenburg.de\/?p=37"},"modified":"2025-05-03T22:07:50","modified_gmt":"2025-05-03T20:07:50","slug":"gerechtigkeit-fuer-lorenz","status":"publish","type":"post","link":"https:\/\/apoldenburg.de\/?p=37","title":{"rendered":"Gerechtigkeit f\u00fcr Lorenz"},"content":{"rendered":"\n<p>An Ostern wurde Lorenz, ein Schwarzer Oldenburger, durch 4 Sch\u00fcsse eines Polizisten von hinten get\u00f6tet.<\/p>\n\n\n\n<figure class=\"wp-block-image size-full\"><img loading=\"lazy\" decoding=\"async\" width=\"720\" height=\"405\" src=\"https:\/\/apoldenburg.de\/wp-content\/uploads\/2025\/05\/lorenz.webp\" alt=\"\" class=\"wp-image-38\" srcset=\"https:\/\/apoldenburg.de\/wp-content\/uploads\/2025\/05\/lorenz.webp 720w, https:\/\/apoldenburg.de\/wp-content\/uploads\/2025\/05\/lorenz-300x169.webp 300w\" sizes=\"auto, (max-width: 720px) 100vw, 720px\" \/><\/figure>\n\n\n\n<p>Wir teilen die Forderungen der <a href=\"https:\/\/www.instagram.com\/gerechtigkeit_fuer_lorenz\/\">Initiative Gerechtigkeit f\u00fcr Lorenz<\/a> nach l\u00fcckenloser Aufkl\u00e4rung.<\/p>\n\n\n\n<p>Am 11.5. w\u00e4re Lorenz 22 Jahre alt geworden. Aus diesem Anlass wird es einen dezentralen Aktionstag geben. Mehr Infos gibt es bei der <a href=\"https:\/\/www.instagram.com\/gerechtigkeit_fuer_lorenz\/\">Initiative Gerechtigkeit f\u00fcr Lorenz<\/a>  auf Instagram.<\/p>\n","protected":false},"excerpt":{"rendered":"<p>An Ostern wurde Lorenz, ein Schwarzer Oldenburger, durch 4 Sch\u00fcsse eines Polizisten von hinten get\u00f6tet. Wir teilen die Forderungen der Initiative Gerechtigkeit f\u00fcr Lorenz nach l\u00fcckenloser Aufkl\u00e4rung. Am 11.5. w\u00e4re Lorenz 22 Jahre alt geworden. Aus diesem Anlass wird es einen dezentralen Aktionstag geben. Mehr Infos gibt es bei der Initiative Gerechtigkeit f\u00fcr Lorenz auf [&hellip;]<\/p>\n","protected":false},"author":2,"featured_media":0,"comment_status":"closed","ping_status":"","sticky":false,"template":"","format":"standard","meta":{"footnotes":""},"categories":[1],"tags":[],"class_list":["post-37","post","type-post","status-publish","format-standard","hentry","category-uncategorized"],"_links":{"self":[{"href":"https:\/\/apoldenburg.de\/index.php?rest_route=\/wp\/v2\/posts\/37","targetHints":{"allow":["GET"]}}],"collection":[{"href":"https:\/\/apoldenburg.de\/index.php?rest_route=\/wp\/v2\/posts"}],"about":[{"href":"https:\/\/apoldenburg.de\/index.php?rest_route=\/wp\/v2\/types\/post"}],"author":[{"embeddable":true,"href":"https:\/\/apoldenburg.de\/index.php?rest_route=\/wp\/v2\/users\/2"}],"replies":[{"embeddable":true,"href":"https:\/\/apoldenburg.de\/index.php?rest_route=%2Fwp%2Fv2%2Fcomments&post=37"}],"version-history":[{"count":1,"href":"https:\/\/apoldenburg.de\/index.php?rest_route=\/wp\/v2\/posts\/37\/revisions"}],"predecessor-version":[{"id":39,"href":"https:\/\/apoldenburg.de\/index.php?rest_route=\/wp\/v2\/posts\/37\/revisions\/39"}],"wp:attachment":[{"href":"https:\/\/apoldenburg.de\/index.php?rest_route=%2Fwp%2Fv2%2Fmedia&parent=37"}],"wp:term":[{"taxonomy":"category","embeddable":true,"href":"https:\/\/apoldenburg.de\/index.php?rest_route=%2Fwp%2Fv2%2Fcategories&post=37"},{"taxonomy":"post_tag","embeddable":true,"href":"https:\/\/apoldenburg.de\/index.php?rest_route=%2Fwp%2Fv2%2Ftags&post=37"}],"curies":[{"name":"wp","href":"https:\/\/api.w.org\/{rel}","templated":true}]}}